{"id":2156,"date":"2025-11-19T14:52:07","date_gmt":"2025-11-19T13:52:07","guid":{"rendered":"https:\/\/build-value-interreg.eu\/?p=2156"},"modified":"2025-11-19T14:52:54","modified_gmt":"2025-11-19T13:52:54","slug":"webinar-ontwikkeling-van-de-regeling-ma-prime-renov-6-november","status":"publish","type":"post","link":"https:\/\/build-value-interreg.eu\/nl\/webinar-ontwikkeling-van-de-regeling-ma-prime-renov-6-november\/","title":{"rendered":"Webinar : ontwikkeling van de regeling\u00ab\u00a0Ma Prime Renov\u00a0\u00bb \u2013 6 november"},"content":{"rendered":"\n<figure class=\"wp-block-image size-full\"><img loading=\"lazy\" decoding=\"async\" width=\"262\" height=\"87\" src=\"https:\/\/build-value-interreg.eu\/wp-content\/uploads\/2025\/11\/capture-decran-2025-11-19-142628.png\" alt=\"\" class=\"wp-image-2148\"\/><\/figure>\n\n\n\n<p>Webinar van CD2E over stimulansen voor energetische renovatie in Frankrijk, georganiseerd in het kader van het Build-value-project over de valorisatie van ecologische materialen in de bouw\/renovatie.<\/p>\n\n\n\n<p>Presentatie: Nicolas Guezel, technisch adviseur Duurzaam bouwen en co\u00f6rdinator van de dienst Ondersteuning van lokale overheden, CD2E.<\/p>\n\n\n\n<p>Duur: 30 minuten<\/p>\n\n\n\n<p><a href=\"\/agenda\/cp_agenda_type\/webinaire-evolution-du-dispositif-ma-prime-renov\/\">Bekijk het webinar hier opnieuw<\/a><\/p>\n","protected":false},"excerpt":{"rendered":"<p>Webinar van CD2E over stimulansen voor energetische renovatie in Frankrijk, georganiseerd in het kader van het Build-value-project over de valorisatie van ecologische materialen in de bouw\/renovatie. Presentatie: Nicolas Guezel, technisch adviseur Duurzaam bouwen en co\u00f6rdinator van de dienst Ondersteuning van lokale overheden, CD2E. Duur: 30 minuten Bekijk het webinar hier opnieuw<\/p>\n","protected":false},"author":2,"featured_media":2151,"comment_status":"closed","ping_status":"closed","sticky":false,"template":"","format":"standard","meta":{"_acf_changed":false,"inline_featured_image":false,"footnotes":""},"categories":[27],"tags":[75,74,78,68,69,73,66,76,77,71,80,81,79,65,67,70,72],"class_list":["post-2156","post","type-post","status-publish","format-standard","has-post-thumbnail","hentry","category-nieuws","tag-biobased","tag-bouw","tag-construction-durable","tag-construction-renovation-bas-carbone","tag-duurzame","tag-eco-construction","tag-eco-materiaux","tag-ecologische-materialen","tag-geobaseerd","tag-geosources","tag-gerecycleerde","tag-hergebruikte-bouwmaterialen","tag-koolstofarm-bouwmaterialen","tag-materiaux-biosources","tag-recycles","tag-reemploi","tag-renovatie"],"acf":[],"yoast_head":"<!-- This site is optimized with the Yoast SEO plugin v27.2 - https:\/\/yoast.com\/product\/yoast-seo-wordpress\/ -->\n<title>Webinar : ontwikkeling van de regeling\u00ab\u00a0Ma Prime Renov\u00a0\u00bb \u2013 6 november &#8226; Build-value<\/title>\n<meta name=\"robots\" content=\"index, follow, max-snippet:-1, max-image-preview:large, max-video-preview:-1\" \/>\n<link rel=\"canonical\" href=\"https:\/\/build-value-interreg.eu\/nl\/webinar-ontwikkeling-van-de-regeling-ma-prime-renov-6-november\/\" \/>\n<meta property=\"og:locale\" content=\"nl_NL\" \/>\n<meta property=\"og:type\" content=\"article\" \/>\n<meta property=\"og:title\" content=\"Webinar : ontwikkeling van de regeling\u00ab\u00a0Ma Prime Renov\u00a0\u00bb \u2013 6 november &#8226; Build-value\" \/>\n<meta property=\"og:description\" content=\"Webinar van CD2E over stimulansen voor energetische renovatie in Frankrijk, georganiseerd in het kader van het Build-value-project over de valorisatie van ecologische materialen in de bouw\/renovatie. Presentatie: Nicolas Guezel, technisch adviseur Duurzaam bouwen en co\u00f6rdinator van de dienst Ondersteuning van lokale overheden, CD2E. Duur: 30 minuten Bekijk het webinar hier opnieuw\" \/>\n<meta property=\"og:url\" content=\"https:\/\/build-value-interreg.eu\/nl\/webinar-ontwikkeling-van-de-regeling-ma-prime-renov-6-november\/\" \/>\n<meta property=\"og:site_name\" content=\"Build-value\" \/>\n<meta property=\"article:published_time\" content=\"2025-11-19T13:52:07+00:00\" \/>\n<meta property=\"article:modified_time\" content=\"2025-11-19T13:52:54+00:00\" \/>\n<meta property=\"og:image\" content=\"https:\/\/build-value-interreg.eu\/wp-content\/uploads\/2025\/11\/renovation-ottignies.jpg\" \/>\n\t<meta property=\"og:image:width\" content=\"1920\" \/>\n\t<meta property=\"og:image:height\" content=\"1440\" \/>\n\t<meta property=\"og:image:type\" content=\"image\/jpeg\" \/>\n<meta name=\"author\" content=\"Julien Gonsette\" \/>\n<meta name=\"twitter:card\" content=\"summary_large_image\" \/>\n<meta name=\"twitter:label1\" content=\"Geschreven door\" \/>\n\t<meta name=\"twitter:data1\" content=\"Julien Gonsette\" \/>\n\t<meta name=\"twitter:label2\" content=\"Geschatte leestijd\" \/>\n\t<meta name=\"twitter:data2\" content=\"1 minuut\" \/>\n<script type=\"application\/ld+json\" class=\"yoast-schema-graph\">{\"@context\":\"https:\/\/schema.org\",\"@graph\":[{\"@type\":\"Article\",\"@id\":\"https:\/\/build-value-interreg.eu\/nl\/webinar-ontwikkeling-van-de-regeling-ma-prime-renov-6-november\/#article\",\"isPartOf\":{\"@id\":\"https:\/\/build-value-interreg.eu\/nl\/webinar-ontwikkeling-van-de-regeling-ma-prime-renov-6-november\/\"},\"author\":{\"name\":\"Julien Gonsette\",\"@id\":\"https:\/\/build-value-interreg.eu\/nl\/#\/schema\/person\/2bf0e7299beb24b3ae264165701ee28e\"},\"headline\":\"Webinar : ontwikkeling van de regeling\u00ab\u00a0Ma Prime Renov\u00a0\u00bb \u2013 6 november\",\"datePublished\":\"2025-11-19T13:52:07+00:00\",\"dateModified\":\"2025-11-19T13:52:54+00:00\",\"mainEntityOfPage\":{\"@id\":\"https:\/\/build-value-interreg.eu\/nl\/webinar-ontwikkeling-van-de-regeling-ma-prime-renov-6-november\/\"},\"wordCount\":63,\"publisher\":{\"@id\":\"https:\/\/build-value-interreg.eu\/nl\/#organization\"},\"image\":{\"@id\":\"https:\/\/build-value-interreg.eu\/nl\/webinar-ontwikkeling-van-de-regeling-ma-prime-renov-6-november\/#primaryimage\"},\"thumbnailUrl\":\"https:\/\/build-value-interreg.eu\/wp-content\/uploads\/2025\/11\/renovation-ottignies.jpg\",\"keywords\":[\"biobased\",\"bouw\",\"construction durable\",\"construction r\u00e9novation bas carbone\",\"duurzame\",\"\u00e9co-construction\",\"Eco-mat\u00e9riaux\",\"ecologische materialen\",\"geobaseerd\",\"g\u00e9osourc\u00e9s\",\"gerecycleerde\",\"hergebruikte bouwmaterialen\",\"koolstofarm bouwmaterialen\",\"mat\u00e9riaux biosourc\u00e9s\",\"recycl\u00e9s\",\"r\u00e9emploi\",\"renovatie\"],\"articleSection\":[\"Nieuws\"],\"inLanguage\":\"nl-NL\"},{\"@type\":\"WebPage\",\"@id\":\"https:\/\/build-value-interreg.eu\/nl\/webinar-ontwikkeling-van-de-regeling-ma-prime-renov-6-november\/\",\"url\":\"https:\/\/build-value-interreg.eu\/nl\/webinar-ontwikkeling-van-de-regeling-ma-prime-renov-6-november\/\",\"name\":\"Webinar : ontwikkeling van de regeling\u00ab\u00a0Ma Prime Renov\u00a0\u00bb \u2013 6 november &#8226; Build-value\",\"isPartOf\":{\"@id\":\"https:\/\/build-value-interreg.eu\/nl\/#website\"},\"primaryImageOfPage\":{\"@id\":\"https:\/\/build-value-interreg.eu\/nl\/webinar-ontwikkeling-van-de-regeling-ma-prime-renov-6-november\/#primaryimage\"},\"image\":{\"@id\":\"https:\/\/build-value-interreg.eu\/nl\/webinar-ontwikkeling-van-de-regeling-ma-prime-renov-6-november\/#primaryimage\"},\"thumbnailUrl\":\"https:\/\/build-value-interreg.eu\/wp-content\/uploads\/2025\/11\/renovation-ottignies.jpg\",\"datePublished\":\"2025-11-19T13:52:07+00:00\",\"dateModified\":\"2025-11-19T13:52:54+00:00\",\"breadcrumb\":{\"@id\":\"https:\/\/build-value-interreg.eu\/nl\/webinar-ontwikkeling-van-de-regeling-ma-prime-renov-6-november\/#breadcrumb\"},\"inLanguage\":\"nl-NL\",\"potentialAction\":[{\"@type\":\"ReadAction\",\"target\":[\"https:\/\/build-value-interreg.eu\/nl\/webinar-ontwikkeling-van-de-regeling-ma-prime-renov-6-november\/\"]}]},{\"@type\":\"ImageObject\",\"inLanguage\":\"nl-NL\",\"@id\":\"https:\/\/build-value-interreg.eu\/nl\/webinar-ontwikkeling-van-de-regeling-ma-prime-renov-6-november\/#primaryimage\",\"url\":\"https:\/\/build-value-interreg.eu\/wp-content\/uploads\/2025\/11\/renovation-ottignies.jpg\",\"contentUrl\":\"https:\/\/build-value-interreg.eu\/wp-content\/uploads\/2025\/11\/renovation-ottignies.jpg\",\"width\":1920,\"height\":1440},{\"@type\":\"BreadcrumbList\",\"@id\":\"https:\/\/build-value-interreg.eu\/nl\/webinar-ontwikkeling-van-de-regeling-ma-prime-renov-6-november\/#breadcrumb\",\"itemListElement\":[{\"@type\":\"ListItem\",\"position\":1,\"name\":\"Accueil\",\"item\":\"https:\/\/build-value-interreg.eu\/nl\/\"},{\"@type\":\"ListItem\",\"position\":2,\"name\":\"Webinar : ontwikkeling van de regeling\u00ab\u00a0Ma Prime Renov\u00a0\u00bb \u2013 6 november\"}]},{\"@type\":\"WebSite\",\"@id\":\"https:\/\/build-value-interreg.eu\/nl\/#website\",\"url\":\"https:\/\/build-value-interreg.eu\/nl\/\",\"name\":\"Build-value\",\"description\":\"Valorisation des mat\u00e9riaux biosourc\u00e9s et g\u00e9osourc\u00e9s dans la construction.\",\"publisher\":{\"@id\":\"https:\/\/build-value-interreg.eu\/nl\/#organization\"},\"alternateName\":\"Build-value Interreg\",\"potentialAction\":[{\"@type\":\"SearchAction\",\"target\":{\"@type\":\"EntryPoint\",\"urlTemplate\":\"https:\/\/build-value-interreg.eu\/nl\/?s={search_term_string}\"},\"query-input\":{\"@type\":\"PropertyValueSpecification\",\"valueRequired\":true,\"valueName\":\"search_term_string\"}}],\"inLanguage\":\"nl-NL\"},{\"@type\":\"Organization\",\"@id\":\"https:\/\/build-value-interreg.eu\/nl\/#organization\",\"name\":\"Build-value\",\"url\":\"https:\/\/build-value-interreg.eu\/nl\/\",\"logo\":{\"@type\":\"ImageObject\",\"inLanguage\":\"nl-NL\",\"@id\":\"https:\/\/build-value-interreg.eu\/nl\/#\/schema\/logo\/image\/\",\"url\":\"https:\/\/build-value-interreg.eu\/wp-content\/uploads\/2025\/05\/build-value-logo.svg\",\"contentUrl\":\"https:\/\/build-value-interreg.eu\/wp-content\/uploads\/2025\/05\/build-value-logo.svg\",\"caption\":\"Build-value\"},\"image\":{\"@id\":\"https:\/\/build-value-interreg.eu\/nl\/#\/schema\/logo\/image\/\"},\"sameAs\":[\"https:\/\/www.youtube.com\/@InterregBuild-value\",\"https:\/\/www.linkedin.com\/company\/build-value\/\"]},{\"@type\":\"Person\",\"@id\":\"https:\/\/build-value-interreg.eu\/nl\/#\/schema\/person\/2bf0e7299beb24b3ae264165701ee28e\",\"name\":\"Julien Gonsette\",\"image\":{\"@type\":\"ImageObject\",\"inLanguage\":\"nl-NL\",\"@id\":\"https:\/\/build-value-interreg.eu\/wp-content\/litespeed\/avatar\/c5ab6a0037ade4d9b7598eed86d2a162.jpg?ver=1777403087\",\"url\":\"https:\/\/build-value-interreg.eu\/wp-content\/litespeed\/avatar\/c5ab6a0037ade4d9b7598eed86d2a162.jpg?ver=1777403087\",\"contentUrl\":\"https:\/\/build-value-interreg.eu\/wp-content\/litespeed\/avatar\/c5ab6a0037ade4d9b7598eed86d2a162.jpg?ver=1777403087\",\"caption\":\"Julien Gonsette\"},\"url\":\"https:\/\/build-value-interreg.eu\/nl\/author\/julien\/\"}]}<\/script>\n<!-- \/ Yoast SEO plugin. -->","yoast_head_json":{"title":"Webinar : ontwikkeling van de regeling\u00ab\u00a0Ma Prime Renov\u00a0\u00bb \u2013 6 november &#8226; Build-value","robots":{"index":"index","follow":"follow","max-snippet":"max-snippet:-1","max-image-preview":"max-image-preview:large","max-video-preview":"max-video-preview:-1"},"canonical":"https:\/\/build-value-interreg.eu\/nl\/webinar-ontwikkeling-van-de-regeling-ma-prime-renov-6-november\/","og_locale":"nl_NL","og_type":"article","og_title":"Webinar : ontwikkeling van de regeling\u00ab\u00a0Ma Prime Renov\u00a0\u00bb \u2013 6 november &#8226; Build-value","og_description":"Webinar van CD2E over stimulansen voor energetische renovatie in Frankrijk, georganiseerd in het kader van het Build-value-project over de valorisatie van ecologische materialen in de bouw\/renovatie. Presentatie: Nicolas Guezel, technisch adviseur Duurzaam bouwen en co\u00f6rdinator van de dienst Ondersteuning van lokale overheden, CD2E. Duur: 30 minuten Bekijk het webinar hier opnieuw","og_url":"https:\/\/build-value-interreg.eu\/nl\/webinar-ontwikkeling-van-de-regeling-ma-prime-renov-6-november\/","og_site_name":"Build-value","article_published_time":"2025-11-19T13:52:07+00:00","article_modified_time":"2025-11-19T13:52:54+00:00","og_image":[{"width":1920,"height":1440,"url":"https:\/\/build-value-interreg.eu\/wp-content\/uploads\/2025\/11\/renovation-ottignies.jpg","type":"image\/jpeg"}],"author":"Julien Gonsette","twitter_card":"summary_large_image","twitter_misc":{"Geschreven door":"Julien Gonsette","Geschatte leestijd":"1 minuut"},"schema":{"@context":"https:\/\/schema.org","@graph":[{"@type":"Article","@id":"https:\/\/build-value-interreg.eu\/nl\/webinar-ontwikkeling-van-de-regeling-ma-prime-renov-6-november\/#article","isPartOf":{"@id":"https:\/\/build-value-interreg.eu\/nl\/webinar-ontwikkeling-van-de-regeling-ma-prime-renov-6-november\/"},"author":{"name":"Julien Gonsette","@id":"https:\/\/build-value-interreg.eu\/nl\/#\/schema\/person\/2bf0e7299beb24b3ae264165701ee28e"},"headline":"Webinar : ontwikkeling van de regeling\u00ab\u00a0Ma Prime Renov\u00a0\u00bb \u2013 6 november","datePublished":"2025-11-19T13:52:07+00:00","dateModified":"2025-11-19T13:52:54+00:00","mainEntityOfPage":{"@id":"https:\/\/build-value-interreg.eu\/nl\/webinar-ontwikkeling-van-de-regeling-ma-prime-renov-6-november\/"},"wordCount":63,"publisher":{"@id":"https:\/\/build-value-interreg.eu\/nl\/#organization"},"image":{"@id":"https:\/\/build-value-interreg.eu\/nl\/webinar-ontwikkeling-van-de-regeling-ma-prime-renov-6-november\/#primaryimage"},"thumbnailUrl":"https:\/\/build-value-interreg.eu\/wp-content\/uploads\/2025\/11\/renovation-ottignies.jpg","keywords":["biobased","bouw","construction durable","construction r\u00e9novation bas carbone","duurzame","\u00e9co-construction","Eco-mat\u00e9riaux","ecologische materialen","geobaseerd","g\u00e9osourc\u00e9s","gerecycleerde","hergebruikte bouwmaterialen","koolstofarm bouwmaterialen","mat\u00e9riaux biosourc\u00e9s","recycl\u00e9s","r\u00e9emploi","renovatie"],"articleSection":["Nieuws"],"inLanguage":"nl-NL"},{"@type":"WebPage","@id":"https:\/\/build-value-interreg.eu\/nl\/webinar-ontwikkeling-van-de-regeling-ma-prime-renov-6-november\/","url":"https:\/\/build-value-interreg.eu\/nl\/webinar-ontwikkeling-van-de-regeling-ma-prime-renov-6-november\/","name":"Webinar : ontwikkeling van de regeling\u00ab\u00a0Ma Prime Renov\u00a0\u00bb \u2013 6 november &#8226; Build-value","isPartOf":{"@id":"https:\/\/build-value-interreg.eu\/nl\/#website"},"primaryImageOfPage":{"@id":"https:\/\/build-value-interreg.eu\/nl\/webinar-ontwikkeling-van-de-regeling-ma-prime-renov-6-november\/#primaryimage"},"image":{"@id":"https:\/\/build-value-interreg.eu\/nl\/webinar-ontwikkeling-van-de-regeling-ma-prime-renov-6-november\/#primaryimage"},"thumbnailUrl":"https:\/\/build-value-interreg.eu\/wp-content\/uploads\/2025\/11\/renovation-ottignies.jpg","datePublished":"2025-11-19T13:52:07+00:00","dateModified":"2025-11-19T13:52:54+00:00","breadcrumb":{"@id":"https:\/\/build-value-interreg.eu\/nl\/webinar-ontwikkeling-van-de-regeling-ma-prime-renov-6-november\/#breadcrumb"},"inLanguage":"nl-NL","potentialAction":[{"@type":"ReadAction","target":["https:\/\/build-value-interreg.eu\/nl\/webinar-ontwikkeling-van-de-regeling-ma-prime-renov-6-november\/"]}]},{"@type":"ImageObject","inLanguage":"nl-NL","@id":"https:\/\/build-value-interreg.eu\/nl\/webinar-ontwikkeling-van-de-regeling-ma-prime-renov-6-november\/#primaryimage","url":"https:\/\/build-value-interreg.eu\/wp-content\/uploads\/2025\/11\/renovation-ottignies.jpg","contentUrl":"https:\/\/build-value-interreg.eu\/wp-content\/uploads\/2025\/11\/renovation-ottignies.jpg","width":1920,"height":1440},{"@type":"BreadcrumbList","@id":"https:\/\/build-value-interreg.eu\/nl\/webinar-ontwikkeling-van-de-regeling-ma-prime-renov-6-november\/#breadcrumb","itemListElement":[{"@type":"ListItem","position":1,"name":"Accueil","item":"https:\/\/build-value-interreg.eu\/nl\/"},{"@type":"ListItem","position":2,"name":"Webinar : ontwikkeling van de regeling\u00ab\u00a0Ma Prime Renov\u00a0\u00bb \u2013 6 november"}]},{"@type":"WebSite","@id":"https:\/\/build-value-interreg.eu\/nl\/#website","url":"https:\/\/build-value-interreg.eu\/nl\/","name":"Build-value","description":"Valorisation des mat\u00e9riaux biosourc\u00e9s et g\u00e9osourc\u00e9s dans la construction.","publisher":{"@id":"https:\/\/build-value-interreg.eu\/nl\/#organization"},"alternateName":"Build-value Interreg","potentialAction":[{"@type":"SearchAction","target":{"@type":"EntryPoint","urlTemplate":"https:\/\/build-value-interreg.eu\/nl\/?s={search_term_string}"},"query-input":{"@type":"PropertyValueSpecification","valueRequired":true,"valueName":"search_term_string"}}],"inLanguage":"nl-NL"},{"@type":"Organization","@id":"https:\/\/build-value-interreg.eu\/nl\/#organization","name":"Build-value","url":"https:\/\/build-value-interreg.eu\/nl\/","logo":{"@type":"ImageObject","inLanguage":"nl-NL","@id":"https:\/\/build-value-interreg.eu\/nl\/#\/schema\/logo\/image\/","url":"https:\/\/build-value-interreg.eu\/wp-content\/uploads\/2025\/05\/build-value-logo.svg","contentUrl":"https:\/\/build-value-interreg.eu\/wp-content\/uploads\/2025\/05\/build-value-logo.svg","caption":"Build-value"},"image":{"@id":"https:\/\/build-value-interreg.eu\/nl\/#\/schema\/logo\/image\/"},"sameAs":["https:\/\/www.youtube.com\/@InterregBuild-value","https:\/\/www.linkedin.com\/company\/build-value\/"]},{"@type":"Person","@id":"https:\/\/build-value-interreg.eu\/nl\/#\/schema\/person\/2bf0e7299beb24b3ae264165701ee28e","name":"Julien Gonsette","image":{"@type":"ImageObject","inLanguage":"nl-NL","@id":"https:\/\/build-value-interreg.eu\/wp-content\/litespeed\/avatar\/c5ab6a0037ade4d9b7598eed86d2a162.jpg?ver=1777403087","url":"https:\/\/build-value-interreg.eu\/wp-content\/litespeed\/avatar\/c5ab6a0037ade4d9b7598eed86d2a162.jpg?ver=1777403087","contentUrl":"https:\/\/build-value-interreg.eu\/wp-content\/litespeed\/avatar\/c5ab6a0037ade4d9b7598eed86d2a162.jpg?ver=1777403087","caption":"Julien Gonsette"},"url":"https:\/\/build-value-interreg.eu\/nl\/author\/julien\/"}]}},"_links":{"self":[{"href":"https:\/\/build-value-interreg.eu\/nl\/wp-json\/wp\/v2\/posts\/2156","targetHints":{"allow":["GET"]}}],"collection":[{"href":"https:\/\/build-value-interreg.eu\/nl\/wp-json\/wp\/v2\/posts"}],"about":[{"href":"https:\/\/build-value-interreg.eu\/nl\/wp-json\/wp\/v2\/types\/post"}],"author":[{"embeddable":true,"href":"https:\/\/build-value-interreg.eu\/nl\/wp-json\/wp\/v2\/users\/2"}],"replies":[{"embeddable":true,"href":"https:\/\/build-value-interreg.eu\/nl\/wp-json\/wp\/v2\/comments?post=2156"}],"version-history":[{"count":5,"href":"https:\/\/build-value-interreg.eu\/nl\/wp-json\/wp\/v2\/posts\/2156\/revisions"}],"predecessor-version":[{"id":2164,"href":"https:\/\/build-value-interreg.eu\/nl\/wp-json\/wp\/v2\/posts\/2156\/revisions\/2164"}],"wp:featuredmedia":[{"embeddable":true,"href":"https:\/\/build-value-interreg.eu\/nl\/wp-json\/wp\/v2\/media\/2151"}],"wp:attachment":[{"href":"https:\/\/build-value-interreg.eu\/nl\/wp-json\/wp\/v2\/media?parent=2156"}],"wp:term":[{"taxonomy":"category","embeddable":true,"href":"https:\/\/build-value-interreg.eu\/nl\/wp-json\/wp\/v2\/categories?post=2156"},{"taxonomy":"post_tag","embeddable":true,"href":"https:\/\/build-value-interreg.eu\/nl\/wp-json\/wp\/v2\/tags?post=2156"}],"curies":[{"name":"wp","href":"https:\/\/api.w.org\/{rel}","templated":true}]}}