{"id":1324,"date":"2025-01-09T09:30:19","date_gmt":"2025-01-09T08:30:19","guid":{"rendered":"https:\/\/build-value-interreg.eu\/ontmoetingen-met-partners-en-bezoek-aan-het-laboratorium-van-het-frd-codem\/"},"modified":"2025-06-30T11:50:43","modified_gmt":"2025-06-30T09:50:43","slug":"ontmoetingen-met-partners-en-bezoek-aan-het-laboratorium-van-het-frd-codem","status":"publish","type":"post","link":"https:\/\/build-value-interreg.eu\/nl\/ontmoetingen-met-partners-en-bezoek-aan-het-laboratorium-van-het-frd-codem\/","title":{"rendered":"Ontmoetingen met partners en bezoek aan het laboratorium van het FRD-CODEM"},"content":{"rendered":"\n<p>Op 9 januari 2025 bracht een bezoek aan de laboratoria en de technische hal van het FRD \u2013 CODEM de partners van het Interreg-project \u2018Build Value\u2019 bijeen. Deze dag bood de gelegenheid om de technische installaties van het centrum te ontdekken, die gewijd zijn aan experimentatie en innovatie op het gebied van duurzaam bouwen.<\/p>\n\n<p>De gezamenlijke presentaties van de teams van FRD \u2013 CODEM, Buildwise en de Universit\u00e9 d\u2019Artois gaven een concreet inzicht in de benaderingen die door elk van hen worden ontwikkeld. De uitwisselingen waren verrijkend, technisch en constructief. Door apparatuur en testprotocollen te vergelijken, konden de teams zien waar ze elkaar aanvullen, welke mogelijkheden er zijn voor samenwerking en in sommige gevallen waar er methodologische verschillen waren die samen verder kunnen worden onderzocht.<\/p>\n\n<p>Een stimulerende ontmoeting die de banden tussen de partners heeft versterkt en nieuw momentum heeft gegeven aan het collectieve werk binnen het project.<\/p>\n\n<figure class=\"wp-block-gallery has-nested-images columns-default is-cropped wp-block-gallery-1 is-layout-flex wp-block-gallery-is-layout-flex\">\n<figure class=\"wp-block-image size-large\"><img loading=\"lazy\" decoding=\"async\" width=\"1024\" height=\"768\" data-id=\"1264\" src=\"https:\/\/build-value-interreg.eu\/wp-content\/uploads\/2025\/06\/1736448710927-1024x768.jpeg\" alt=\"\" class=\"wp-image-1264\" srcset=\"https:\/\/build-value-interreg.eu\/wp-content\/uploads\/2025\/06\/1736448710927-1024x768.jpeg 1024w, https:\/\/build-value-interreg.eu\/wp-content\/uploads\/2025\/06\/1736448710927-300x225.jpeg 300w, https:\/\/build-value-interreg.eu\/wp-content\/uploads\/2025\/06\/1736448710927-768x576.jpeg 768w, https:\/\/build-value-interreg.eu\/wp-content\/uploads\/2025\/06\/1736448710927-1536x1152.jpeg 1536w, https:\/\/build-value-interreg.eu\/wp-content\/uploads\/2025\/06\/1736448710927-600x450.jpeg 600w, https:\/\/build-value-interreg.eu\/wp-content\/uploads\/2025\/06\/1736448710927-1200x900.jpeg 1200w, https:\/\/build-value-interreg.eu\/wp-content\/uploads\/2025\/06\/1736448710927-1440x1080.jpeg 1440w, https:\/\/build-value-interreg.eu\/wp-content\/uploads\/2025\/06\/1736448710927.jpeg 1920w\" sizes=\"(max-width: 1024px) 100vw, 1024px\" \/><\/figure>\n\n\n\n<figure class=\"wp-block-image size-large\"><img loading=\"lazy\" decoding=\"async\" width=\"768\" height=\"1024\" data-id=\"1266\" src=\"https:\/\/build-value-interreg.eu\/wp-content\/uploads\/2025\/06\/1736448712499-768x1024.jpeg\" alt=\"\" class=\"wp-image-1266\" srcset=\"https:\/\/build-value-interreg.eu\/wp-content\/uploads\/2025\/06\/1736448712499-768x1024.jpeg 768w, https:\/\/build-value-interreg.eu\/wp-content\/uploads\/2025\/06\/1736448712499-225x300.jpeg 225w, https:\/\/build-value-interreg.eu\/wp-content\/uploads\/2025\/06\/1736448712499-1152x1536.jpeg 1152w, https:\/\/build-value-interreg.eu\/wp-content\/uploads\/2025\/06\/1736448712499-337x450.jpeg 337w, https:\/\/build-value-interreg.eu\/wp-content\/uploads\/2025\/06\/1736448712499-675x900.jpeg 675w, https:\/\/build-value-interreg.eu\/wp-content\/uploads\/2025\/06\/1736448712499-810x1080.jpeg 810w, https:\/\/build-value-interreg.eu\/wp-content\/uploads\/2025\/06\/1736448712499.jpeg 1280w\" sizes=\"(max-width: 768px) 100vw, 768px\" \/><\/figure>\n\n\n\n<figure class=\"wp-block-image size-large\"><img loading=\"lazy\" decoding=\"async\" width=\"1024\" height=\"768\" data-id=\"1268\" src=\"https:\/\/build-value-interreg.eu\/wp-content\/uploads\/2025\/06\/1736448713593-1024x768.jpeg\" alt=\"\" class=\"wp-image-1268\" srcset=\"https:\/\/build-value-interreg.eu\/wp-content\/uploads\/2025\/06\/1736448713593-1024x768.jpeg 1024w, https:\/\/build-value-interreg.eu\/wp-content\/uploads\/2025\/06\/1736448713593-300x225.jpeg 300w, https:\/\/build-value-interreg.eu\/wp-content\/uploads\/2025\/06\/1736448713593-768x576.jpeg 768w, https:\/\/build-value-interreg.eu\/wp-content\/uploads\/2025\/06\/1736448713593-1536x1152.jpeg 1536w, https:\/\/build-value-interreg.eu\/wp-content\/uploads\/2025\/06\/1736448713593-600x450.jpeg 600w, https:\/\/build-value-interreg.eu\/wp-content\/uploads\/2025\/06\/1736448713593-1200x900.jpeg 1200w, https:\/\/build-value-interreg.eu\/wp-content\/uploads\/2025\/06\/1736448713593-1440x1080.jpeg 1440w, https:\/\/build-value-interreg.eu\/wp-content\/uploads\/2025\/06\/1736448713593.jpeg 1920w\" sizes=\"(max-width: 1024px) 100vw, 1024px\" \/><\/figure>\n\n\n\n<figure class=\"wp-block-image size-large\"><img loading=\"lazy\" decoding=\"async\" width=\"1024\" height=\"768\" data-id=\"1270\" src=\"https:\/\/build-value-interreg.eu\/wp-content\/uploads\/2025\/06\/1736448713622-1024x768.jpeg\" alt=\"\" class=\"wp-image-1270\" srcset=\"https:\/\/build-value-interreg.eu\/wp-content\/uploads\/2025\/06\/1736448713622-1024x768.jpeg 1024w, https:\/\/build-value-interreg.eu\/wp-content\/uploads\/2025\/06\/1736448713622-300x225.jpeg 300w, https:\/\/build-value-interreg.eu\/wp-content\/uploads\/2025\/06\/1736448713622-768x576.jpeg 768w, https:\/\/build-value-interreg.eu\/wp-content\/uploads\/2025\/06\/1736448713622-1536x1152.jpeg 1536w, https:\/\/build-value-interreg.eu\/wp-content\/uploads\/2025\/06\/1736448713622-600x450.jpeg 600w, https:\/\/build-value-interreg.eu\/wp-content\/uploads\/2025\/06\/1736448713622-1200x900.jpeg 1200w, https:\/\/build-value-interreg.eu\/wp-content\/uploads\/2025\/06\/1736448713622-1440x1080.jpeg 1440w, https:\/\/build-value-interreg.eu\/wp-content\/uploads\/2025\/06\/1736448713622.jpeg 1920w\" sizes=\"(max-width: 1024px) 100vw, 1024px\" \/><\/figure>\n<\/figure>\n","protected":false},"excerpt":{"rendered":"<p>Op 9 januari 2025 bracht een bezoek aan de laboratoria en de technische hal van het FRD \u2013 CODEM de partners van het Interreg-project \u2018Build Value\u2019 bijeen. Deze dag bood de gelegenheid om de technische installaties van het centrum te ontdekken, die gewijd zijn aan experimentatie en innovatie op het gebied van duurzaam bouwen. De [&hellip;]<\/p>\n","protected":false},"author":2,"featured_media":1259,"comment_status":"closed","ping_status":"closed","sticky":false,"template":"","format":"standard","meta":{"_acf_changed":false,"inline_featured_image":false,"footnotes":""},"categories":[27],"tags":[],"class_list":["post-1324","post","type-post","status-publish","format-standard","has-post-thumbnail","hentry","category-nieuws"],"acf":[],"yoast_head":"<!-- This site is optimized with the Yoast SEO plugin v27.2 - https:\/\/yoast.com\/product\/yoast-seo-wordpress\/ -->\n<title>Ontmoetingen met partners en bezoek aan het laboratorium van het FRD-CODEM &#8226; Build-value<\/title>\n<meta name=\"robots\" content=\"index, follow, max-snippet:-1, max-image-preview:large, max-video-preview:-1\" \/>\n<link rel=\"canonical\" href=\"https:\/\/build-value-interreg.eu\/nl\/ontmoetingen-met-partners-en-bezoek-aan-het-laboratorium-van-het-frd-codem\/\" \/>\n<meta property=\"og:locale\" content=\"nl_NL\" \/>\n<meta property=\"og:type\" content=\"article\" \/>\n<meta property=\"og:title\" content=\"Ontmoetingen met partners en bezoek aan het laboratorium van het FRD-CODEM &#8226; Build-value\" \/>\n<meta property=\"og:description\" content=\"Op 9 januari 2025 bracht een bezoek aan de laboratoria en de technische hal van het FRD \u2013 CODEM de partners van het Interreg-project \u2018Build Value\u2019 bijeen. Deze dag bood de gelegenheid om de technische installaties van het centrum te ontdekken, die gewijd zijn aan experimentatie en innovatie op het gebied van duurzaam bouwen. De [&hellip;]\" \/>\n<meta property=\"og:url\" content=\"https:\/\/build-value-interreg.eu\/nl\/ontmoetingen-met-partners-en-bezoek-aan-het-laboratorium-van-het-frd-codem\/\" \/>\n<meta property=\"og:site_name\" content=\"Build-value\" \/>\n<meta property=\"article:published_time\" content=\"2025-01-09T08:30:19+00:00\" \/>\n<meta property=\"article:modified_time\" content=\"2025-06-30T09:50:43+00:00\" \/>\n<meta property=\"og:image\" content=\"https:\/\/build-value-interreg.eu\/wp-content\/uploads\/2025\/06\/1736448710178-copie.jpeg\" \/>\n\t<meta property=\"og:image:width\" content=\"1920\" \/>\n\t<meta property=\"og:image:height\" content=\"1440\" \/>\n\t<meta property=\"og:image:type\" content=\"image\/jpeg\" \/>\n<meta name=\"author\" content=\"Julien Gonsette\" \/>\n<meta name=\"twitter:card\" content=\"summary_large_image\" \/>\n<meta name=\"twitter:label1\" content=\"Geschreven door\" \/>\n\t<meta name=\"twitter:data1\" content=\"Julien Gonsette\" \/>\n\t<meta name=\"twitter:label2\" content=\"Geschatte leestijd\" \/>\n\t<meta name=\"twitter:data2\" content=\"1 minuut\" \/>\n<script type=\"application\/ld+json\" class=\"yoast-schema-graph\">{\"@context\":\"https:\/\/schema.org\",\"@graph\":[{\"@type\":\"Article\",\"@id\":\"https:\/\/build-value-interreg.eu\/nl\/ontmoetingen-met-partners-en-bezoek-aan-het-laboratorium-van-het-frd-codem\/#article\",\"isPartOf\":{\"@id\":\"https:\/\/build-value-interreg.eu\/nl\/ontmoetingen-met-partners-en-bezoek-aan-het-laboratorium-van-het-frd-codem\/\"},\"author\":{\"name\":\"Julien Gonsette\",\"@id\":\"https:\/\/build-value-interreg.eu\/nl\/#\/schema\/person\/2bf0e7299beb24b3ae264165701ee28e\"},\"headline\":\"Ontmoetingen met partners en bezoek aan het laboratorium van het FRD-CODEM\",\"datePublished\":\"2025-01-09T08:30:19+00:00\",\"dateModified\":\"2025-06-30T09:50:43+00:00\",\"mainEntityOfPage\":{\"@id\":\"https:\/\/build-value-interreg.eu\/nl\/ontmoetingen-met-partners-en-bezoek-aan-het-laboratorium-van-het-frd-codem\/\"},\"wordCount\":156,\"publisher\":{\"@id\":\"https:\/\/build-value-interreg.eu\/nl\/#organization\"},\"image\":{\"@id\":\"https:\/\/build-value-interreg.eu\/nl\/ontmoetingen-met-partners-en-bezoek-aan-het-laboratorium-van-het-frd-codem\/#primaryimage\"},\"thumbnailUrl\":\"https:\/\/build-value-interreg.eu\/wp-content\/uploads\/2025\/06\/1736448710178-copie.jpeg\",\"articleSection\":[\"Nieuws\"],\"inLanguage\":\"nl-NL\"},{\"@type\":\"WebPage\",\"@id\":\"https:\/\/build-value-interreg.eu\/nl\/ontmoetingen-met-partners-en-bezoek-aan-het-laboratorium-van-het-frd-codem\/\",\"url\":\"https:\/\/build-value-interreg.eu\/nl\/ontmoetingen-met-partners-en-bezoek-aan-het-laboratorium-van-het-frd-codem\/\",\"name\":\"Ontmoetingen met partners en bezoek aan het laboratorium van het FRD-CODEM &#8226; Build-value\",\"isPartOf\":{\"@id\":\"https:\/\/build-value-interreg.eu\/nl\/#website\"},\"primaryImageOfPage\":{\"@id\":\"https:\/\/build-value-interreg.eu\/nl\/ontmoetingen-met-partners-en-bezoek-aan-het-laboratorium-van-het-frd-codem\/#primaryimage\"},\"image\":{\"@id\":\"https:\/\/build-value-interreg.eu\/nl\/ontmoetingen-met-partners-en-bezoek-aan-het-laboratorium-van-het-frd-codem\/#primaryimage\"},\"thumbnailUrl\":\"https:\/\/build-value-interreg.eu\/wp-content\/uploads\/2025\/06\/1736448710178-copie.jpeg\",\"datePublished\":\"2025-01-09T08:30:19+00:00\",\"dateModified\":\"2025-06-30T09:50:43+00:00\",\"breadcrumb\":{\"@id\":\"https:\/\/build-value-interreg.eu\/nl\/ontmoetingen-met-partners-en-bezoek-aan-het-laboratorium-van-het-frd-codem\/#breadcrumb\"},\"inLanguage\":\"nl-NL\",\"potentialAction\":[{\"@type\":\"ReadAction\",\"target\":[\"https:\/\/build-value-interreg.eu\/nl\/ontmoetingen-met-partners-en-bezoek-aan-het-laboratorium-van-het-frd-codem\/\"]}]},{\"@type\":\"ImageObject\",\"inLanguage\":\"nl-NL\",\"@id\":\"https:\/\/build-value-interreg.eu\/nl\/ontmoetingen-met-partners-en-bezoek-aan-het-laboratorium-van-het-frd-codem\/#primaryimage\",\"url\":\"https:\/\/build-value-interreg.eu\/wp-content\/uploads\/2025\/06\/1736448710178-copie.jpeg\",\"contentUrl\":\"https:\/\/build-value-interreg.eu\/wp-content\/uploads\/2025\/06\/1736448710178-copie.jpeg\",\"width\":1920,\"height\":1440},{\"@type\":\"BreadcrumbList\",\"@id\":\"https:\/\/build-value-interreg.eu\/nl\/ontmoetingen-met-partners-en-bezoek-aan-het-laboratorium-van-het-frd-codem\/#breadcrumb\",\"itemListElement\":[{\"@type\":\"ListItem\",\"position\":1,\"name\":\"Accueil\",\"item\":\"https:\/\/build-value-interreg.eu\/nl\/\"},{\"@type\":\"ListItem\",\"position\":2,\"name\":\"Ontmoetingen met partners en bezoek aan het laboratorium van het FRD-CODEM\"}]},{\"@type\":\"WebSite\",\"@id\":\"https:\/\/build-value-interreg.eu\/nl\/#website\",\"url\":\"https:\/\/build-value-interreg.eu\/nl\/\",\"name\":\"Build-value\",\"description\":\"Valorisation des mat\u00e9riaux biosourc\u00e9s et g\u00e9osourc\u00e9s dans la construction.\",\"publisher\":{\"@id\":\"https:\/\/build-value-interreg.eu\/nl\/#organization\"},\"alternateName\":\"Build-value Interreg\",\"potentialAction\":[{\"@type\":\"SearchAction\",\"target\":{\"@type\":\"EntryPoint\",\"urlTemplate\":\"https:\/\/build-value-interreg.eu\/nl\/?s={search_term_string}\"},\"query-input\":{\"@type\":\"PropertyValueSpecification\",\"valueRequired\":true,\"valueName\":\"search_term_string\"}}],\"inLanguage\":\"nl-NL\"},{\"@type\":\"Organization\",\"@id\":\"https:\/\/build-value-interreg.eu\/nl\/#organization\",\"name\":\"Build-value\",\"url\":\"https:\/\/build-value-interreg.eu\/nl\/\",\"logo\":{\"@type\":\"ImageObject\",\"inLanguage\":\"nl-NL\",\"@id\":\"https:\/\/build-value-interreg.eu\/nl\/#\/schema\/logo\/image\/\",\"url\":\"https:\/\/build-value-interreg.eu\/wp-content\/uploads\/2025\/05\/build-value-logo.svg\",\"contentUrl\":\"https:\/\/build-value-interreg.eu\/wp-content\/uploads\/2025\/05\/build-value-logo.svg\",\"caption\":\"Build-value\"},\"image\":{\"@id\":\"https:\/\/build-value-interreg.eu\/nl\/#\/schema\/logo\/image\/\"},\"sameAs\":[\"https:\/\/www.youtube.com\/@InterregBuild-value\",\"https:\/\/www.linkedin.com\/company\/build-value\/\"]},{\"@type\":\"Person\",\"@id\":\"https:\/\/build-value-interreg.eu\/nl\/#\/schema\/person\/2bf0e7299beb24b3ae264165701ee28e\",\"name\":\"Julien Gonsette\",\"image\":{\"@type\":\"ImageObject\",\"inLanguage\":\"nl-NL\",\"@id\":\"https:\/\/build-value-interreg.eu\/wp-content\/litespeed\/avatar\/c5ab6a0037ade4d9b7598eed86d2a162.jpg?ver=1777403087\",\"url\":\"https:\/\/build-value-interreg.eu\/wp-content\/litespeed\/avatar\/c5ab6a0037ade4d9b7598eed86d2a162.jpg?ver=1777403087\",\"contentUrl\":\"https:\/\/build-value-interreg.eu\/wp-content\/litespeed\/avatar\/c5ab6a0037ade4d9b7598eed86d2a162.jpg?ver=1777403087\",\"caption\":\"Julien Gonsette\"},\"url\":\"https:\/\/build-value-interreg.eu\/nl\/author\/julien\/\"}]}<\/script>\n<!-- \/ Yoast SEO plugin. -->","yoast_head_json":{"title":"Ontmoetingen met partners en bezoek aan het laboratorium van het FRD-CODEM &#8226; Build-value","robots":{"index":"index","follow":"follow","max-snippet":"max-snippet:-1","max-image-preview":"max-image-preview:large","max-video-preview":"max-video-preview:-1"},"canonical":"https:\/\/build-value-interreg.eu\/nl\/ontmoetingen-met-partners-en-bezoek-aan-het-laboratorium-van-het-frd-codem\/","og_locale":"nl_NL","og_type":"article","og_title":"Ontmoetingen met partners en bezoek aan het laboratorium van het FRD-CODEM &#8226; Build-value","og_description":"Op 9 januari 2025 bracht een bezoek aan de laboratoria en de technische hal van het FRD \u2013 CODEM de partners van het Interreg-project \u2018Build Value\u2019 bijeen. Deze dag bood de gelegenheid om de technische installaties van het centrum te ontdekken, die gewijd zijn aan experimentatie en innovatie op het gebied van duurzaam bouwen. De [&hellip;]","og_url":"https:\/\/build-value-interreg.eu\/nl\/ontmoetingen-met-partners-en-bezoek-aan-het-laboratorium-van-het-frd-codem\/","og_site_name":"Build-value","article_published_time":"2025-01-09T08:30:19+00:00","article_modified_time":"2025-06-30T09:50:43+00:00","og_image":[{"width":1920,"height":1440,"url":"https:\/\/build-value-interreg.eu\/wp-content\/uploads\/2025\/06\/1736448710178-copie.jpeg","type":"image\/jpeg"}],"author":"Julien Gonsette","twitter_card":"summary_large_image","twitter_misc":{"Geschreven door":"Julien Gonsette","Geschatte leestijd":"1 minuut"},"schema":{"@context":"https:\/\/schema.org","@graph":[{"@type":"Article","@id":"https:\/\/build-value-interreg.eu\/nl\/ontmoetingen-met-partners-en-bezoek-aan-het-laboratorium-van-het-frd-codem\/#article","isPartOf":{"@id":"https:\/\/build-value-interreg.eu\/nl\/ontmoetingen-met-partners-en-bezoek-aan-het-laboratorium-van-het-frd-codem\/"},"author":{"name":"Julien Gonsette","@id":"https:\/\/build-value-interreg.eu\/nl\/#\/schema\/person\/2bf0e7299beb24b3ae264165701ee28e"},"headline":"Ontmoetingen met partners en bezoek aan het laboratorium van het FRD-CODEM","datePublished":"2025-01-09T08:30:19+00:00","dateModified":"2025-06-30T09:50:43+00:00","mainEntityOfPage":{"@id":"https:\/\/build-value-interreg.eu\/nl\/ontmoetingen-met-partners-en-bezoek-aan-het-laboratorium-van-het-frd-codem\/"},"wordCount":156,"publisher":{"@id":"https:\/\/build-value-interreg.eu\/nl\/#organization"},"image":{"@id":"https:\/\/build-value-interreg.eu\/nl\/ontmoetingen-met-partners-en-bezoek-aan-het-laboratorium-van-het-frd-codem\/#primaryimage"},"thumbnailUrl":"https:\/\/build-value-interreg.eu\/wp-content\/uploads\/2025\/06\/1736448710178-copie.jpeg","articleSection":["Nieuws"],"inLanguage":"nl-NL"},{"@type":"WebPage","@id":"https:\/\/build-value-interreg.eu\/nl\/ontmoetingen-met-partners-en-bezoek-aan-het-laboratorium-van-het-frd-codem\/","url":"https:\/\/build-value-interreg.eu\/nl\/ontmoetingen-met-partners-en-bezoek-aan-het-laboratorium-van-het-frd-codem\/","name":"Ontmoetingen met partners en bezoek aan het laboratorium van het FRD-CODEM &#8226; Build-value","isPartOf":{"@id":"https:\/\/build-value-interreg.eu\/nl\/#website"},"primaryImageOfPage":{"@id":"https:\/\/build-value-interreg.eu\/nl\/ontmoetingen-met-partners-en-bezoek-aan-het-laboratorium-van-het-frd-codem\/#primaryimage"},"image":{"@id":"https:\/\/build-value-interreg.eu\/nl\/ontmoetingen-met-partners-en-bezoek-aan-het-laboratorium-van-het-frd-codem\/#primaryimage"},"thumbnailUrl":"https:\/\/build-value-interreg.eu\/wp-content\/uploads\/2025\/06\/1736448710178-copie.jpeg","datePublished":"2025-01-09T08:30:19+00:00","dateModified":"2025-06-30T09:50:43+00:00","breadcrumb":{"@id":"https:\/\/build-value-interreg.eu\/nl\/ontmoetingen-met-partners-en-bezoek-aan-het-laboratorium-van-het-frd-codem\/#breadcrumb"},"inLanguage":"nl-NL","potentialAction":[{"@type":"ReadAction","target":["https:\/\/build-value-interreg.eu\/nl\/ontmoetingen-met-partners-en-bezoek-aan-het-laboratorium-van-het-frd-codem\/"]}]},{"@type":"ImageObject","inLanguage":"nl-NL","@id":"https:\/\/build-value-interreg.eu\/nl\/ontmoetingen-met-partners-en-bezoek-aan-het-laboratorium-van-het-frd-codem\/#primaryimage","url":"https:\/\/build-value-interreg.eu\/wp-content\/uploads\/2025\/06\/1736448710178-copie.jpeg","contentUrl":"https:\/\/build-value-interreg.eu\/wp-content\/uploads\/2025\/06\/1736448710178-copie.jpeg","width":1920,"height":1440},{"@type":"BreadcrumbList","@id":"https:\/\/build-value-interreg.eu\/nl\/ontmoetingen-met-partners-en-bezoek-aan-het-laboratorium-van-het-frd-codem\/#breadcrumb","itemListElement":[{"@type":"ListItem","position":1,"name":"Accueil","item":"https:\/\/build-value-interreg.eu\/nl\/"},{"@type":"ListItem","position":2,"name":"Ontmoetingen met partners en bezoek aan het laboratorium van het FRD-CODEM"}]},{"@type":"WebSite","@id":"https:\/\/build-value-interreg.eu\/nl\/#website","url":"https:\/\/build-value-interreg.eu\/nl\/","name":"Build-value","description":"Valorisation des mat\u00e9riaux biosourc\u00e9s et g\u00e9osourc\u00e9s dans la construction.","publisher":{"@id":"https:\/\/build-value-interreg.eu\/nl\/#organization"},"alternateName":"Build-value Interreg","potentialAction":[{"@type":"SearchAction","target":{"@type":"EntryPoint","urlTemplate":"https:\/\/build-value-interreg.eu\/nl\/?s={search_term_string}"},"query-input":{"@type":"PropertyValueSpecification","valueRequired":true,"valueName":"search_term_string"}}],"inLanguage":"nl-NL"},{"@type":"Organization","@id":"https:\/\/build-value-interreg.eu\/nl\/#organization","name":"Build-value","url":"https:\/\/build-value-interreg.eu\/nl\/","logo":{"@type":"ImageObject","inLanguage":"nl-NL","@id":"https:\/\/build-value-interreg.eu\/nl\/#\/schema\/logo\/image\/","url":"https:\/\/build-value-interreg.eu\/wp-content\/uploads\/2025\/05\/build-value-logo.svg","contentUrl":"https:\/\/build-value-interreg.eu\/wp-content\/uploads\/2025\/05\/build-value-logo.svg","caption":"Build-value"},"image":{"@id":"https:\/\/build-value-interreg.eu\/nl\/#\/schema\/logo\/image\/"},"sameAs":["https:\/\/www.youtube.com\/@InterregBuild-value","https:\/\/www.linkedin.com\/company\/build-value\/"]},{"@type":"Person","@id":"https:\/\/build-value-interreg.eu\/nl\/#\/schema\/person\/2bf0e7299beb24b3ae264165701ee28e","name":"Julien Gonsette","image":{"@type":"ImageObject","inLanguage":"nl-NL","@id":"https:\/\/build-value-interreg.eu\/wp-content\/litespeed\/avatar\/c5ab6a0037ade4d9b7598eed86d2a162.jpg?ver=1777403087","url":"https:\/\/build-value-interreg.eu\/wp-content\/litespeed\/avatar\/c5ab6a0037ade4d9b7598eed86d2a162.jpg?ver=1777403087","contentUrl":"https:\/\/build-value-interreg.eu\/wp-content\/litespeed\/avatar\/c5ab6a0037ade4d9b7598eed86d2a162.jpg?ver=1777403087","caption":"Julien Gonsette"},"url":"https:\/\/build-value-interreg.eu\/nl\/author\/julien\/"}]}},"_links":{"self":[{"href":"https:\/\/build-value-interreg.eu\/nl\/wp-json\/wp\/v2\/posts\/1324","targetHints":{"allow":["GET"]}}],"collection":[{"href":"https:\/\/build-value-interreg.eu\/nl\/wp-json\/wp\/v2\/posts"}],"about":[{"href":"https:\/\/build-value-interreg.eu\/nl\/wp-json\/wp\/v2\/types\/post"}],"author":[{"embeddable":true,"href":"https:\/\/build-value-interreg.eu\/nl\/wp-json\/wp\/v2\/users\/2"}],"replies":[{"embeddable":true,"href":"https:\/\/build-value-interreg.eu\/nl\/wp-json\/wp\/v2\/comments?post=1324"}],"version-history":[{"count":1,"href":"https:\/\/build-value-interreg.eu\/nl\/wp-json\/wp\/v2\/posts\/1324\/revisions"}],"predecessor-version":[{"id":1325,"href":"https:\/\/build-value-interreg.eu\/nl\/wp-json\/wp\/v2\/posts\/1324\/revisions\/1325"}],"wp:featuredmedia":[{"embeddable":true,"href":"https:\/\/build-value-interreg.eu\/nl\/wp-json\/wp\/v2\/media\/1259"}],"wp:attachment":[{"href":"https:\/\/build-value-interreg.eu\/nl\/wp-json\/wp\/v2\/media?parent=1324"}],"wp:term":[{"taxonomy":"category","embeddable":true,"href":"https:\/\/build-value-interreg.eu\/nl\/wp-json\/wp\/v2\/categories?post=1324"},{"taxonomy":"post_tag","embeddable":true,"href":"https:\/\/build-value-interreg.eu\/nl\/wp-json\/wp\/v2\/tags?post=1324"}],"curies":[{"name":"wp","href":"https:\/\/api.w.org\/{rel}","templated":true}]}}